{"id":3266,"date":"2025-03-20T18:46:05","date_gmt":"2025-03-21T00:46:05","guid":{"rendered":"https:\/\/mr2sa.com\/wp\/?p=3266"},"modified":"2026-04-14T14:06:46","modified_gmt":"2026-04-14T20:06:46","slug":"la-empresa-representaciones-mr2-participa-en-el-evento-plast-imagen-mexico-2023","status":"publish","type":"post","link":"https:\/\/mr2sa.com\/en\/la-empresa-representaciones-mr2-participa-en-el-evento-plast-imagen-mexico-2023\/","title":{"rendered":"The Company&#039;s Representations MR2 participates in the event PLASTIMAGEN MEXICO 2023"},"content":{"rendered":"<p style=\"text-align: justify; font-size: 12pt; color: #9FA3A9;\"> \n    The company MR2 successfully participated in one of the most powerful and comprehensive of the industry of the transformation of plastic PLASTIMAGEN 2023, held in Mexico city, the event took place on the date of 7 to November 10, 2023, where hundreds of leading companies came together to show the latest trends and advances in the sector.\n<\/p>\n\n\n\n<p style=\"text-align: justify; font-size: 12pt; color: #9FA3A9;\"> \n    The activity counted with the participation of 870 exhibiting companies representing over 1,600 brands from more than 27 countries, participation of diverse leaders across the panorama of the plastics industry: producers of capital goods, raw material, investors, organizations, and academia. Our goal is to contribute to the restructuring of the industry towards a model of circular economy to provide a sound economic development with focused solutions to achieve neutrality, carbon emissions, which makes it the best exhibition international business dedicated to the plastic industry.\n<\/p>\n\n\n\n<p style=\"text-align: justify; font-size: 12pt; color: #9FA3A9;\">\n        This event is a window to different markets for their ability to establish contact with approximately 22,000 potential customers in Mexico and Latin america who are searching for solutions and cutting-edge technology to drive growth and profitability of their business.    \n    <\/p>\n\n\n\n<p style=\"text-align: justify; font-size: 12pt; color: #9FA3A9;\"> \n    There were also exhibitors from various countries that have been achieved through PLASTIMAGEN commercial advantage, new market niches and the strengthening of strategic alliances. Companies come to PLASTIMAGEN as the epicenter to expand their business in the whole of Latin america.\n<\/p>\n\n\n\n<p style=\"text-align: justify; font-size: 12pt; color: #9FA3A9;\"> \n    Representations MR2 as an exhibitor, present your offer of machinery and accessories for the Industry Talk, focused on the different machines that represents our strategic partner Haitian characterized by its technological innovations focused on sustainability and optimization of productive processes, in line with the growing demands of the market for solutions that are more efficient and sustainable.\n<\/p>\n\n\n\n<figure class=\"wp-block-image size-large\"><img data-recalc-dims=\"1\" loading=\"lazy\" decoding=\"async\" width=\"625\" height=\"469\" src=\"https:\/\/i0.wp.com\/mr2sa.com\/wp\/wp-content\/uploads\/2025\/02\/PLASTIIMAGEN2-1024x768.jpeg?resize=625%2C469&#038;ssl=1\" alt=\"\" class=\"wp-image-3295\" srcset=\"https:\/\/i0.wp.com\/mr2sa.com\/wp-content\/uploads\/2025\/02\/PLASTIIMAGEN2.jpeg?resize=1024%2C768&amp;ssl=1 1024w, https:\/\/i0.wp.com\/mr2sa.com\/wp-content\/uploads\/2025\/02\/PLASTIIMAGEN2.jpeg?resize=300%2C225&amp;ssl=1 300w, https:\/\/i0.wp.com\/mr2sa.com\/wp-content\/uploads\/2025\/02\/PLASTIIMAGEN2.jpeg?resize=768%2C576&amp;ssl=1 768w, https:\/\/i0.wp.com\/mr2sa.com\/wp-content\/uploads\/2025\/02\/PLASTIIMAGEN2.jpeg?w=1280&amp;ssl=1 1280w\" sizes=\"auto, (max-width: 625px) 100vw, 625px\" \/><\/figure>\n\n\n\n<figure class=\"wp-block-image size-large\"><img data-recalc-dims=\"1\" loading=\"lazy\" decoding=\"async\" width=\"625\" height=\"469\" src=\"https:\/\/i0.wp.com\/mr2sa.com\/wp\/wp-content\/uploads\/2025\/02\/PLASTITIMAGEN4-1024x768.jpeg?resize=625%2C469&#038;ssl=1\" alt=\"\" class=\"wp-image-3296\" srcset=\"https:\/\/i0.wp.com\/mr2sa.com\/wp-content\/uploads\/2025\/02\/PLASTITIMAGEN4.jpeg?resize=1024%2C768&amp;ssl=1 1024w, https:\/\/i0.wp.com\/mr2sa.com\/wp-content\/uploads\/2025\/02\/PLASTITIMAGEN4.jpeg?resize=300%2C225&amp;ssl=1 300w, https:\/\/i0.wp.com\/mr2sa.com\/wp-content\/uploads\/2025\/02\/PLASTITIMAGEN4.jpeg?resize=768%2C576&amp;ssl=1 768w, https:\/\/i0.wp.com\/mr2sa.com\/wp-content\/uploads\/2025\/02\/PLASTITIMAGEN4.jpeg?w=1280&amp;ssl=1 1280w\" sizes=\"auto, (max-width: 625px) 100vw, 625px\" \/><\/figure>","protected":false},"excerpt":{"rendered":"<p>La empresa MR2 particip\u00f3 con \u00e9xito en uno de los eventos m\u00e1s poderosos y completos de la industria de la transformaci\u00f3n del pl\u00e1stico PLASTIMAGEN 2023 celebrada en la ciudad de M\u00e9xico el evento tuvo lugar en fecha del 7 al 10 de noviembre del 2023, donde cientos de compa\u00f1\u00edas l\u00edderes se reunieron para mostrar las [&hellip;]<\/p>\n","protected":false},"author":3,"featured_media":3294,"comment_status":"closed","ping_status":"open","sticky":false,"template":"","format":"standard","meta":{"_jetpack_memberships_contains_paid_content":false,"footnotes":""},"categories":[1],"tags":[44],"class_list":["post-3266","post","type-post","status-publish","format-standard","has-post-thumbnail","hentry","category-noticias","tag-mr2"],"yoast_head":"<!-- This site is optimized with the Yoast SEO Premium plugin v27.3 (Yoast SEO v27.5) - https:\/\/yoast.com\/product\/yoast-seo-premium-wordpress\/ -->\n<title>La Empresa Representaciones \u00a0MR2 participa en el evento PLASTIMAGEN\u00a0 MEXICO 2023 - MR2<\/title>\n<meta name=\"description\" content=\"Representaciones MR2 S.A. estuvo presente en Plastimagen M\u00e9xico 2023, destacando su oferta en maquinaria y tecnolog\u00eda para la industria pl\u00e1stica y metalmec\u00e1nica en Centroam\u00e9rica y Rep\u00fablica Dominicana.\" \/>\n<meta name=\"robots\" content=\"index, follow, max-snippet:-1, max-image-preview:large, max-video-preview:-1\" \/>\n<link rel=\"canonical\" href=\"https:\/\/mr2sa.com\/en\/la-empresa-representaciones-mr2-participa-en-el-evento-plast-imagen-mexico-2023\/\" \/>\n<meta property=\"og:locale\" content=\"en_US\" \/>\n<meta property=\"og:type\" content=\"article\" \/>\n<meta property=\"og:title\" content=\"La Empresa Representaciones \u00a0MR2 participa en el evento PLASTIMAGEN\u00a0 MEXICO 2023\" \/>\n<meta property=\"og:description\" content=\"Representaciones MR2 S.A. estuvo presente en Plastimagen M\u00e9xico 2023, destacando su oferta en maquinaria y tecnolog\u00eda para la industria pl\u00e1stica y metalmec\u00e1nica en Centroam\u00e9rica y Rep\u00fablica Dominicana.\" \/>\n<meta property=\"og:url\" content=\"https:\/\/mr2sa.com\/en\/la-empresa-representaciones-mr2-participa-en-el-evento-plast-imagen-mexico-2023\/\" \/>\n<meta property=\"og:site_name\" content=\"MR2\" \/>\n<meta property=\"article:published_time\" content=\"2025-03-21T00:46:05+00:00\" \/>\n<meta property=\"article:modified_time\" content=\"2026-04-14T20:06:46+00:00\" \/>\n<meta property=\"og:image\" content=\"https:\/\/mr2sa.com\/wp-content\/uploads\/2025\/02\/PLASTI-IMAGEN1.jpeg\" \/>\n\t<meta property=\"og:image:width\" content=\"1280\" \/>\n\t<meta property=\"og:image:height\" content=\"960\" \/>\n\t<meta property=\"og:image:type\" content=\"image\/jpeg\" \/>\n<meta name=\"author\" content=\"MR2 Noticias\" \/>\n<meta name=\"twitter:card\" content=\"summary_large_image\" \/>\n<meta name=\"twitter:label1\" content=\"Written by\" \/>\n\t<meta name=\"twitter:data1\" content=\"MR2 Noticias\" \/>\n\t<meta name=\"twitter:label2\" content=\"Est. reading time\" \/>\n\t<meta name=\"twitter:data2\" content=\"2 minutes\" \/>\n<script type=\"application\/ld+json\" class=\"yoast-schema-graph\">{\"@context\":\"https:\\\/\\\/schema.org\",\"@graph\":[{\"@type\":\"Article\",\"@id\":\"https:\\\/\\\/mr2sa.com\\\/la-empresa-representaciones-mr2-participa-en-el-evento-plast-imagen-mexico-2023\\\/#article\",\"isPartOf\":{\"@id\":\"https:\\\/\\\/mr2sa.com\\\/la-empresa-representaciones-mr2-participa-en-el-evento-plast-imagen-mexico-2023\\\/\"},\"author\":{\"name\":\"MR2 Noticias\",\"@id\":\"https:\\\/\\\/mr2sa.com\\\/#\\\/schema\\\/person\\\/e869f6b2e72932367cd14a5ebfd75b01\"},\"headline\":\"La Empresa Representaciones \u00a0MR2 participa en el evento PLASTIMAGEN\u00a0 MEXICO 2023\",\"datePublished\":\"2025-03-21T00:46:05+00:00\",\"dateModified\":\"2026-04-14T20:06:46+00:00\",\"mainEntityOfPage\":{\"@id\":\"https:\\\/\\\/mr2sa.com\\\/la-empresa-representaciones-mr2-participa-en-el-evento-plast-imagen-mexico-2023\\\/\"},\"wordCount\":334,\"image\":{\"@id\":\"https:\\\/\\\/mr2sa.com\\\/la-empresa-representaciones-mr2-participa-en-el-evento-plast-imagen-mexico-2023\\\/#primaryimage\"},\"thumbnailUrl\":\"https:\\\/\\\/i0.wp.com\\\/mr2sa.com\\\/wp-content\\\/uploads\\\/2025\\\/02\\\/PLASTI-IMAGEN1.jpeg?fit=1280%2C960&ssl=1\",\"keywords\":[\"mr2\"],\"articleSection\":[\"Noticias\"],\"inLanguage\":\"en-US\"},{\"@type\":\"WebPage\",\"@id\":\"https:\\\/\\\/mr2sa.com\\\/la-empresa-representaciones-mr2-participa-en-el-evento-plast-imagen-mexico-2023\\\/\",\"url\":\"https:\\\/\\\/mr2sa.com\\\/la-empresa-representaciones-mr2-participa-en-el-evento-plast-imagen-mexico-2023\\\/\",\"name\":\"La Empresa Representaciones \u00a0MR2 participa en el evento PLASTIMAGEN\u00a0 MEXICO 2023 - MR2\",\"isPartOf\":{\"@id\":\"https:\\\/\\\/mr2sa.com\\\/#website\"},\"primaryImageOfPage\":{\"@id\":\"https:\\\/\\\/mr2sa.com\\\/la-empresa-representaciones-mr2-participa-en-el-evento-plast-imagen-mexico-2023\\\/#primaryimage\"},\"image\":{\"@id\":\"https:\\\/\\\/mr2sa.com\\\/la-empresa-representaciones-mr2-participa-en-el-evento-plast-imagen-mexico-2023\\\/#primaryimage\"},\"thumbnailUrl\":\"https:\\\/\\\/i0.wp.com\\\/mr2sa.com\\\/wp-content\\\/uploads\\\/2025\\\/02\\\/PLASTI-IMAGEN1.jpeg?fit=1280%2C960&ssl=1\",\"datePublished\":\"2025-03-21T00:46:05+00:00\",\"dateModified\":\"2026-04-14T20:06:46+00:00\",\"author\":{\"@id\":\"https:\\\/\\\/mr2sa.com\\\/#\\\/schema\\\/person\\\/e869f6b2e72932367cd14a5ebfd75b01\"},\"description\":\"Representaciones MR2 S.A. estuvo presente en Plastimagen M\u00e9xico 2023, destacando su oferta en maquinaria y tecnolog\u00eda para la industria pl\u00e1stica y metalmec\u00e1nica en Centroam\u00e9rica y Rep\u00fablica Dominicana.\",\"breadcrumb\":{\"@id\":\"https:\\\/\\\/mr2sa.com\\\/la-empresa-representaciones-mr2-participa-en-el-evento-plast-imagen-mexico-2023\\\/#breadcrumb\"},\"inLanguage\":\"en-US\",\"potentialAction\":[{\"@type\":\"ReadAction\",\"target\":[\"https:\\\/\\\/mr2sa.com\\\/la-empresa-representaciones-mr2-participa-en-el-evento-plast-imagen-mexico-2023\\\/\"]}]},{\"@type\":\"ImageObject\",\"inLanguage\":\"en-US\",\"@id\":\"https:\\\/\\\/mr2sa.com\\\/la-empresa-representaciones-mr2-participa-en-el-evento-plast-imagen-mexico-2023\\\/#primaryimage\",\"url\":\"https:\\\/\\\/i0.wp.com\\\/mr2sa.com\\\/wp-content\\\/uploads\\\/2025\\\/02\\\/PLASTI-IMAGEN1.jpeg?fit=1280%2C960&ssl=1\",\"contentUrl\":\"https:\\\/\\\/i0.wp.com\\\/mr2sa.com\\\/wp-content\\\/uploads\\\/2025\\\/02\\\/PLASTI-IMAGEN1.jpeg?fit=1280%2C960&ssl=1\",\"width\":1280,\"height\":960},{\"@type\":\"BreadcrumbList\",\"@id\":\"https:\\\/\\\/mr2sa.com\\\/la-empresa-representaciones-mr2-participa-en-el-evento-plast-imagen-mexico-2023\\\/#breadcrumb\",\"itemListElement\":[{\"@type\":\"ListItem\",\"position\":1,\"name\":\"Portada\",\"item\":\"https:\\\/\\\/mr2sa.com\\\/\"},{\"@type\":\"ListItem\",\"position\":2,\"name\":\"MR2 en Plastimagen 2023\"}]},{\"@type\":\"WebSite\",\"@id\":\"https:\\\/\\\/mr2sa.com\\\/#website\",\"url\":\"https:\\\/\\\/mr2sa.com\\\/\",\"name\":\"MR2\",\"description\":\"Proveedor de maquinaria industrial para inyecci\u00f3n de pl\u00e1stico y metalmec\u00e1nica en Centroam\u00e9rica y RD\",\"potentialAction\":[{\"@type\":\"SearchAction\",\"target\":{\"@type\":\"EntryPoint\",\"urlTemplate\":\"https:\\\/\\\/mr2sa.com\\\/?s={search_term_string}\"},\"query-input\":{\"@type\":\"PropertyValueSpecification\",\"valueRequired\":true,\"valueName\":\"search_term_string\"}}],\"inLanguage\":\"en-US\"},{\"@type\":\"Person\",\"@id\":\"https:\\\/\\\/mr2sa.com\\\/#\\\/schema\\\/person\\\/e869f6b2e72932367cd14a5ebfd75b01\",\"name\":\"MR2 Noticias\",\"image\":{\"@type\":\"ImageObject\",\"inLanguage\":\"en-US\",\"@id\":\"https:\\\/\\\/secure.gravatar.com\\\/avatar\\\/3a8f6e0ad25abe471a4599057f96e325ef34db149191fa168baf3072d0510933?s=96&d=mm&r=g\",\"url\":\"https:\\\/\\\/secure.gravatar.com\\\/avatar\\\/3a8f6e0ad25abe471a4599057f96e325ef34db149191fa168baf3072d0510933?s=96&d=mm&r=g\",\"contentUrl\":\"https:\\\/\\\/secure.gravatar.com\\\/avatar\\\/3a8f6e0ad25abe471a4599057f96e325ef34db149191fa168baf3072d0510933?s=96&d=mm&r=g\",\"caption\":\"MR2 Noticias\"},\"url\":\"https:\\\/\\\/mr2sa.com\\\/en\\\/author\\\/mr2\\\/\"}]}<\/script>\n<!-- \/ Yoast SEO Premium plugin. -->","yoast_head_json":{"title":"La Empresa Representaciones \u00a0MR2 participa en el evento PLASTIMAGEN\u00a0 MEXICO 2023 - MR2","description":"Representaciones MR2 S.A. estuvo presente en Plastimagen M\u00e9xico 2023, destacando su oferta en maquinaria y tecnolog\u00eda para la industria pl\u00e1stica y metalmec\u00e1nica en Centroam\u00e9rica y Rep\u00fablica Dominicana.","robots":{"index":"index","follow":"follow","max-snippet":"max-snippet:-1","max-image-preview":"max-image-preview:large","max-video-preview":"max-video-preview:-1"},"canonical":"https:\/\/mr2sa.com\/en\/la-empresa-representaciones-mr2-participa-en-el-evento-plast-imagen-mexico-2023\/","og_locale":"en_US","og_type":"article","og_title":"La Empresa Representaciones \u00a0MR2 participa en el evento PLASTIMAGEN\u00a0 MEXICO 2023","og_description":"Representaciones MR2 S.A. estuvo presente en Plastimagen M\u00e9xico 2023, destacando su oferta en maquinaria y tecnolog\u00eda para la industria pl\u00e1stica y metalmec\u00e1nica en Centroam\u00e9rica y Rep\u00fablica Dominicana.","og_url":"https:\/\/mr2sa.com\/en\/la-empresa-representaciones-mr2-participa-en-el-evento-plast-imagen-mexico-2023\/","og_site_name":"MR2","article_published_time":"2025-03-21T00:46:05+00:00","article_modified_time":"2026-04-14T20:06:46+00:00","og_image":[{"width":1280,"height":960,"url":"https:\/\/mr2sa.com\/wp-content\/uploads\/2025\/02\/PLASTI-IMAGEN1.jpeg","type":"image\/jpeg"}],"author":"MR2 Noticias","twitter_card":"summary_large_image","twitter_misc":{"Written by":"MR2 Noticias","Est. reading time":"2 minutes"},"schema":{"@context":"https:\/\/schema.org","@graph":[{"@type":"Article","@id":"https:\/\/mr2sa.com\/la-empresa-representaciones-mr2-participa-en-el-evento-plast-imagen-mexico-2023\/#article","isPartOf":{"@id":"https:\/\/mr2sa.com\/la-empresa-representaciones-mr2-participa-en-el-evento-plast-imagen-mexico-2023\/"},"author":{"name":"MR2 Noticias","@id":"https:\/\/mr2sa.com\/#\/schema\/person\/e869f6b2e72932367cd14a5ebfd75b01"},"headline":"La Empresa Representaciones \u00a0MR2 participa en el evento PLASTIMAGEN\u00a0 MEXICO 2023","datePublished":"2025-03-21T00:46:05+00:00","dateModified":"2026-04-14T20:06:46+00:00","mainEntityOfPage":{"@id":"https:\/\/mr2sa.com\/la-empresa-representaciones-mr2-participa-en-el-evento-plast-imagen-mexico-2023\/"},"wordCount":334,"image":{"@id":"https:\/\/mr2sa.com\/la-empresa-representaciones-mr2-participa-en-el-evento-plast-imagen-mexico-2023\/#primaryimage"},"thumbnailUrl":"https:\/\/i0.wp.com\/mr2sa.com\/wp-content\/uploads\/2025\/02\/PLASTI-IMAGEN1.jpeg?fit=1280%2C960&ssl=1","keywords":["mr2"],"articleSection":["Noticias"],"inLanguage":"en-US"},{"@type":"WebPage","@id":"https:\/\/mr2sa.com\/la-empresa-representaciones-mr2-participa-en-el-evento-plast-imagen-mexico-2023\/","url":"https:\/\/mr2sa.com\/la-empresa-representaciones-mr2-participa-en-el-evento-plast-imagen-mexico-2023\/","name":"La Empresa Representaciones \u00a0MR2 participa en el evento PLASTIMAGEN\u00a0 MEXICO 2023 - MR2","isPartOf":{"@id":"https:\/\/mr2sa.com\/#website"},"primaryImageOfPage":{"@id":"https:\/\/mr2sa.com\/la-empresa-representaciones-mr2-participa-en-el-evento-plast-imagen-mexico-2023\/#primaryimage"},"image":{"@id":"https:\/\/mr2sa.com\/la-empresa-representaciones-mr2-participa-en-el-evento-plast-imagen-mexico-2023\/#primaryimage"},"thumbnailUrl":"https:\/\/i0.wp.com\/mr2sa.com\/wp-content\/uploads\/2025\/02\/PLASTI-IMAGEN1.jpeg?fit=1280%2C960&ssl=1","datePublished":"2025-03-21T00:46:05+00:00","dateModified":"2026-04-14T20:06:46+00:00","author":{"@id":"https:\/\/mr2sa.com\/#\/schema\/person\/e869f6b2e72932367cd14a5ebfd75b01"},"description":"Representaciones MR2 S.A. estuvo presente en Plastimagen M\u00e9xico 2023, destacando su oferta en maquinaria y tecnolog\u00eda para la industria pl\u00e1stica y metalmec\u00e1nica en Centroam\u00e9rica y Rep\u00fablica Dominicana.","breadcrumb":{"@id":"https:\/\/mr2sa.com\/la-empresa-representaciones-mr2-participa-en-el-evento-plast-imagen-mexico-2023\/#breadcrumb"},"inLanguage":"en-US","potentialAction":[{"@type":"ReadAction","target":["https:\/\/mr2sa.com\/la-empresa-representaciones-mr2-participa-en-el-evento-plast-imagen-mexico-2023\/"]}]},{"@type":"ImageObject","inLanguage":"en-US","@id":"https:\/\/mr2sa.com\/la-empresa-representaciones-mr2-participa-en-el-evento-plast-imagen-mexico-2023\/#primaryimage","url":"https:\/\/i0.wp.com\/mr2sa.com\/wp-content\/uploads\/2025\/02\/PLASTI-IMAGEN1.jpeg?fit=1280%2C960&ssl=1","contentUrl":"https:\/\/i0.wp.com\/mr2sa.com\/wp-content\/uploads\/2025\/02\/PLASTI-IMAGEN1.jpeg?fit=1280%2C960&ssl=1","width":1280,"height":960},{"@type":"BreadcrumbList","@id":"https:\/\/mr2sa.com\/la-empresa-representaciones-mr2-participa-en-el-evento-plast-imagen-mexico-2023\/#breadcrumb","itemListElement":[{"@type":"ListItem","position":1,"name":"Portada","item":"https:\/\/mr2sa.com\/"},{"@type":"ListItem","position":2,"name":"MR2 en Plastimagen 2023"}]},{"@type":"WebSite","@id":"https:\/\/mr2sa.com\/#website","url":"https:\/\/mr2sa.com\/","name":"MR2","description":"Proveedor de maquinaria industrial para inyecci\u00f3n de pl\u00e1stico y metalmec\u00e1nica en Centroam\u00e9rica y RD","potentialAction":[{"@type":"SearchAction","target":{"@type":"EntryPoint","urlTemplate":"https:\/\/mr2sa.com\/?s={search_term_string}"},"query-input":{"@type":"PropertyValueSpecification","valueRequired":true,"valueName":"search_term_string"}}],"inLanguage":"en-US"},{"@type":"Person","@id":"https:\/\/mr2sa.com\/#\/schema\/person\/e869f6b2e72932367cd14a5ebfd75b01","name":"MR2 News","image":{"@type":"ImageObject","inLanguage":"en-US","@id":"https:\/\/secure.gravatar.com\/avatar\/3a8f6e0ad25abe471a4599057f96e325ef34db149191fa168baf3072d0510933?s=96&d=mm&r=g","url":"https:\/\/secure.gravatar.com\/avatar\/3a8f6e0ad25abe471a4599057f96e325ef34db149191fa168baf3072d0510933?s=96&d=mm&r=g","contentUrl":"https:\/\/secure.gravatar.com\/avatar\/3a8f6e0ad25abe471a4599057f96e325ef34db149191fa168baf3072d0510933?s=96&d=mm&r=g","caption":"MR2 Noticias"},"url":"https:\/\/mr2sa.com\/en\/author\/mr2\/"}]}},"jetpack_featured_media_url":"https:\/\/i0.wp.com\/mr2sa.com\/wp-content\/uploads\/2025\/02\/PLASTI-IMAGEN1.jpeg?fit=1280%2C960&ssl=1","jetpack_sharing_enabled":true,"_links":{"self":[{"href":"https:\/\/mr2sa.com\/en\/wp-json\/wp\/v2\/posts\/3266","targetHints":{"allow":["GET"]}}],"collection":[{"href":"https:\/\/mr2sa.com\/en\/wp-json\/wp\/v2\/posts"}],"about":[{"href":"https:\/\/mr2sa.com\/en\/wp-json\/wp\/v2\/types\/post"}],"author":[{"embeddable":true,"href":"https:\/\/mr2sa.com\/en\/wp-json\/wp\/v2\/users\/3"}],"replies":[{"embeddable":true,"href":"https:\/\/mr2sa.com\/en\/wp-json\/wp\/v2\/comments?post=3266"}],"version-history":[{"count":5,"href":"https:\/\/mr2sa.com\/en\/wp-json\/wp\/v2\/posts\/3266\/revisions"}],"predecessor-version":[{"id":3353,"href":"https:\/\/mr2sa.com\/en\/wp-json\/wp\/v2\/posts\/3266\/revisions\/3353"}],"wp:featuredmedia":[{"embeddable":true,"href":"https:\/\/mr2sa.com\/en\/wp-json\/wp\/v2\/media\/3294"}],"wp:attachment":[{"href":"https:\/\/mr2sa.com\/en\/wp-json\/wp\/v2\/media?parent=3266"}],"wp:term":[{"taxonomy":"category","embeddable":true,"href":"https:\/\/mr2sa.com\/en\/wp-json\/wp\/v2\/categories?post=3266"},{"taxonomy":"post_tag","embeddable":true,"href":"https:\/\/mr2sa.com\/en\/wp-json\/wp\/v2\/tags?post=3266"}],"curies":[{"name":"wp","href":"https:\/\/api.w.org\/{rel}","templated":true}]}}